{"id":989,"date":"2014-08-02T17:48:38","date_gmt":"2014-08-02T17:48:38","guid":{"rendered":"http:\/\/www.carmenborregopla.es\/victoria\/?p=989"},"modified":"2014-08-06T17:57:50","modified_gmt":"2014-08-06T17:57:50","slug":"carmen-borrego-pla-el-jerez-siempre-esta-luchando-por-sobrevivir","status":"publish","type":"post","link":"https:\/\/www.carmenborregopla.es\/victoria\/carmen-borrego-pla-el-jerez-siempre-esta-luchando-por-sobrevivir\/","title":{"rendered":"Carmen Borrego Pl\u00e1: \u00abel jerez siempre est\u00e1 luchando por sobrevivir\u00bb"},"content":{"rendered":"<div id=\"attachment_990\" style=\"width: 310px\" class=\"wp-caption alignleft\"><a href=\"http:\/\/www.carmenborregopla.es\/victoria\/?attachment_id=990\" rel=\"attachment wp-att-990\"><img aria-describedby=\"caption-attachment-990\" loading=\"lazy\" class=\"size-medium wp-image-990\" title=\"carmen\" src=\"http:\/\/www.carmenborregopla.es\/victoria\/wp-content\/uploads\/2014\/08\/carmen-300x180.jpg\" alt=\"\" width=\"300\" height=\"180\" srcset=\"https:\/\/www.carmenborregopla.es\/victoria\/wp-content\/uploads\/2014\/08\/carmen-300x180.jpg 300w, https:\/\/www.carmenborregopla.es\/victoria\/wp-content\/uploads\/2014\/08\/carmen.jpg 335w\" sizes=\"(max-width: 300px) 100vw, 300px\" \/><\/a><p id=\"caption-attachment-990\" class=\"wp-caption-text\">La bodeguera e historiadora fotografiada por Vanesa Lobo, fot\u00f3grafa del Diario de Jerez, en la cristalera de la bodega<\/p><\/div>\n<p>El Diario de Jerez ha publicado la \u00faltima semana del mes de julio una interesante entrevista con Maria del Carmen Borrego Pl\u00e1 con motivo de la conferencia que ofreci\u00f3 en el Consejo Regulador del Jerez. En ella, y de la mano del periodista Juan Pedro Lobato, realiza un recorrido por la historia reciente del vino de Jerez y la propia trayectoria de la bodega desde su infancia.<\/p>\n<p>En ella, aborda la vida del vino m\u00e1s internacional, sus dificultades para salir adelante en un mundo cada vez m\u00e1s competitivo, la idoneidad de las ayudas, el significado metaf\u00f3rico de la expresi\u00f3n \u00abarco de ballesta atl\u00e1ntico\u00bb o sus preferencias para realizar un brindis o lo que hay detr\u00e1s del chocar de dos copas de vino.<\/p>\n<p>\u00c9ste es el <a href=\"http:\/\/http:\/\/www.diariodejerez.es\/article\/jerez\/1824764\/jerez\/siempre\/esta\/luchando\/por\/sobrevivir.html\" target=\"_blank\">enlace a la entrevista<\/a>.<\/p>\n<p>&nbsp;<\/p>\n","protected":false},"excerpt":{"rendered":"<p>El Diario de Jerez ha publicado la \u00faltima semana del mes de julio una interesante entrevista con Maria del Carmen Borrego Pl\u00e1 con motivo de la conferencia que ofreci\u00f3 en el Consejo Regulador del Jerez. En ella, y de la mano del periodista Juan Pedro Lobato, realiza un recorrido por la historia reciente del vino [&hellip;]<\/p>\n","protected":false},"author":1,"featured_media":990,"comment_status":"open","ping_status":"open","sticky":false,"template":"","format":"standard","meta":[],"categories":[1],"tags":[],"_links":{"self":[{"href":"https:\/\/www.carmenborregopla.es\/victoria\/wp-json\/wp\/v2\/posts\/989"}],"collection":[{"href":"https:\/\/www.carmenborregopla.es\/victoria\/wp-json\/wp\/v2\/posts"}],"about":[{"href":"https:\/\/www.carmenborregopla.es\/victoria\/wp-json\/wp\/v2\/types\/post"}],"author":[{"embeddable":true,"href":"https:\/\/www.carmenborregopla.es\/victoria\/wp-json\/wp\/v2\/users\/1"}],"replies":[{"embeddable":true,"href":"https:\/\/www.carmenborregopla.es\/victoria\/wp-json\/wp\/v2\/comments?post=989"}],"version-history":[{"count":1,"href":"https:\/\/www.carmenborregopla.es\/victoria\/wp-json\/wp\/v2\/posts\/989\/revisions"}],"predecessor-version":[{"id":991,"href":"https:\/\/www.carmenborregopla.es\/victoria\/wp-json\/wp\/v2\/posts\/989\/revisions\/991"}],"wp:featuredmedia":[{"embeddable":true,"href":"https:\/\/www.carmenborregopla.es\/victoria\/wp-json\/wp\/v2\/media\/990"}],"wp:attachment":[{"href":"https:\/\/www.carmenborregopla.es\/victoria\/wp-json\/wp\/v2\/media?parent=989"}],"wp:term":[{"taxonomy":"category","embeddable":true,"href":"https:\/\/www.carmenborregopla.es\/victoria\/wp-json\/wp\/v2\/categories?post=989"},{"taxonomy":"post_tag","embeddable":true,"href":"https:\/\/www.carmenborregopla.es\/victoria\/wp-json\/wp\/v2\/tags?post=989"}],"curies":[{"name":"wp","href":"https:\/\/api.w.org\/{rel}","templated":true}]}}