{"id":984,"date":"2014-08-06T17:43:24","date_gmt":"2014-08-06T17:43:24","guid":{"rendered":"http:\/\/www.carmenborregopla.es\/victoria\/?p=984"},"modified":"2014-08-06T17:43:31","modified_gmt":"2014-08-06T17:43:31","slug":"el-consejo-del-jerez-acoge-la-conferencia-el-jerez-y-el-arco-de-ballesta-atlantico","status":"publish","type":"post","link":"https:\/\/www.carmenborregopla.es\/victoria\/el-consejo-del-jerez-acoge-la-conferencia-el-jerez-y-el-arco-de-ballesta-atlantico\/","title":{"rendered":"El Consejo del Jerez acoge la conferencia \u00abEl jerez y el arco de ballesta atl\u00e1ntico\u00bb"},"content":{"rendered":"<div id=\"attachment_985\" style=\"width: 310px\" class=\"wp-caption alignleft\"><a href=\"http:\/\/www.carmenborregopla.es\/victoria\/?attachment_id=985\" rel=\"attachment wp-att-985\"><img aria-describedby=\"caption-attachment-985\" loading=\"lazy\" class=\"size-medium wp-image-985\" title=\"ballesta\" src=\"http:\/\/www.carmenborregopla.es\/victoria\/wp-content\/uploads\/2014\/08\/ballesta-300x168.jpg\" alt=\"\" width=\"300\" height=\"168\" srcset=\"https:\/\/www.carmenborregopla.es\/victoria\/wp-content\/uploads\/2014\/08\/ballesta-300x168.jpg 300w, https:\/\/www.carmenborregopla.es\/victoria\/wp-content\/uploads\/2014\/08\/ballesta-1024x575.jpg 1024w, https:\/\/www.carmenborregopla.es\/victoria\/wp-content\/uploads\/2014\/08\/ballesta.jpg 1500w\" sizes=\"(max-width: 300px) 100vw, 300px\" \/><\/a><p id=\"caption-attachment-985\" class=\"wp-caption-text\">La doctora durante su conferencia<\/p><\/div>\n<p>La bodega de San Gin\u00e9s del Consejo Regulador del Jerez acogi\u00f3 el pasado 29 de julio la conferencia de la investigadora y bodeguera M\u00aa del Carmen Borrego Pl\u00e1 \u00abEl jerez y el arco de ballesta atl\u00e1ntico\u00bb dentro del ciclo Jerez, Cultura y Vino, que organiza esta instituci\u00f3n y ante un nutrido p\u00fablico.<\/p>\n<p>Tras la presentaci\u00f3n del presidente del Consejo Regulador, don Beltr\u00e1n Domecq, la doctora glos\u00f3, por espacio de casi una hora el extraordinario viaje de los vinos de Jerez hacia los puertos americanos desde la zona de Andaluc\u00eda conocida como \u00abel arco de ballesta atl\u00e1ntico\u00bb entre los siglos XVI y XVIII. Las instituciones que organizaban los viajes, las peculiaridades de una mariner\u00eda curtida en largas traves\u00edas, los trayectos del vino una vez llegado a tierra o la relaci\u00f3n del lengiaje marinero y bodeguero formaron parte de esta interesant\u00edsima exposici\u00f3n.<\/p>\n","protected":false},"excerpt":{"rendered":"<p>La bodega de San Gin\u00e9s del Consejo Regulador del Jerez acogi\u00f3 el pasado 29 de julio la conferencia de la investigadora y bodeguera M\u00aa del Carmen Borrego Pl\u00e1 \u00abEl jerez y el arco de ballesta atl\u00e1ntico\u00bb dentro del ciclo Jerez, Cultura y Vino, que organiza esta instituci\u00f3n y ante un nutrido p\u00fablico. Tras la presentaci\u00f3n [&hellip;]<\/p>\n","protected":false},"author":1,"featured_media":985,"comment_status":"open","ping_status":"open","sticky":false,"template":"","format":"standard","meta":[],"categories":[1],"tags":[],"_links":{"self":[{"href":"https:\/\/www.carmenborregopla.es\/victoria\/wp-json\/wp\/v2\/posts\/984"}],"collection":[{"href":"https:\/\/www.carmenborregopla.es\/victoria\/wp-json\/wp\/v2\/posts"}],"about":[{"href":"https:\/\/www.carmenborregopla.es\/victoria\/wp-json\/wp\/v2\/types\/post"}],"author":[{"embeddable":true,"href":"https:\/\/www.carmenborregopla.es\/victoria\/wp-json\/wp\/v2\/users\/1"}],"replies":[{"embeddable":true,"href":"https:\/\/www.carmenborregopla.es\/victoria\/wp-json\/wp\/v2\/comments?post=984"}],"version-history":[{"count":3,"href":"https:\/\/www.carmenborregopla.es\/victoria\/wp-json\/wp\/v2\/posts\/984\/revisions"}],"predecessor-version":[{"id":987,"href":"https:\/\/www.carmenborregopla.es\/victoria\/wp-json\/wp\/v2\/posts\/984\/revisions\/987"}],"wp:featuredmedia":[{"embeddable":true,"href":"https:\/\/www.carmenborregopla.es\/victoria\/wp-json\/wp\/v2\/media\/985"}],"wp:attachment":[{"href":"https:\/\/www.carmenborregopla.es\/victoria\/wp-json\/wp\/v2\/media?parent=984"}],"wp:term":[{"taxonomy":"category","embeddable":true,"href":"https:\/\/www.carmenborregopla.es\/victoria\/wp-json\/wp\/v2\/categories?post=984"},{"taxonomy":"post_tag","embeddable":true,"href":"https:\/\/www.carmenborregopla.es\/victoria\/wp-json\/wp\/v2\/tags?post=984"}],"curies":[{"name":"wp","href":"https:\/\/api.w.org\/{rel}","templated":true}]}}