{"id":979,"date":"2014-06-03T09:42:20","date_gmt":"2014-06-03T09:42:20","guid":{"rendered":"http:\/\/www.carmenborregopla.es\/victoria\/?p=979"},"modified":"2014-06-03T09:42:20","modified_gmt":"2014-06-03T09:42:20","slug":"las-bibliotecas-colombianas-dispondran-de-la-obra-de-la-doctora-borrego-pla","status":"publish","type":"post","link":"https:\/\/www.carmenborregopla.es\/victoria\/las-bibliotecas-colombianas-dispondran-de-la-obra-de-la-doctora-borrego-pla\/","title":{"rendered":"Las bibliotecas colombianas dispondr\u00e1n de la obra de la doctora Borrego Pl\u00e1"},"content":{"rendered":"<p><a href=\"http:\/\/www.carmenborregopla.es\/victoria\/?attachment_id=980\" rel=\"attachment wp-att-980\"><img loading=\"lazy\" class=\"alignleft size-medium wp-image-980\" title=\"CARTAGENA DE INDIAS\" src=\"http:\/\/www.carmenborregopla.es\/victoria\/wp-content\/uploads\/2014\/06\/CARTAGENA-DE-INDIAS-215x300.jpg\" alt=\"\" width=\"215\" height=\"300\" srcset=\"https:\/\/www.carmenborregopla.es\/victoria\/wp-content\/uploads\/2014\/06\/CARTAGENA-DE-INDIAS-215x300.jpg 215w, https:\/\/www.carmenborregopla.es\/victoria\/wp-content\/uploads\/2014\/06\/CARTAGENA-DE-INDIAS.jpg 687w\" sizes=\"(max-width: 215px) 100vw, 215px\" \/><\/a>Todas las bibliotecas p\u00fablicas de Colombia dispondr\u00e1n a partir de ahora de la obra de la doctora Borrego Pl\u00e1 \u00abCartagena de Indias: la andadura de una vida bajo la colonia\u00bb, publicada en el a\u00f1o 2010 por El \u00c1ncora Editores del pa\u00eds iberoamericano.<\/p>\n<p>El Ministerio de Cultura Colombiano ha decidido solicitar una edici\u00f3n especial de esta obra de do\u00f1a Carmen para surtir de la misma a todas las bibliotecas p\u00fablicas del pa\u00eds por su valor cient\u00edfico e hist\u00f3rico y sus aportaciones sobre la vida de la ciudad colombiana de Cartagena de Indias. Un aporte que algunos consideran \u00abinvaluable\u00bb dado el rigor y la minuciosidad con los que la doctora Borrego Pl\u00e1 aborda el tema.<\/p>\n<p>La investigadora se ha mostrado muy honrada por esta decisi\u00f3n, dado que, como americanista, ha dedicado buena parte de vida acad\u00e9mica a investigar la vida de Colombia, de lo que dan buena muestra los numerosos art\u00edculos, ponencias y congresos en los que ha sido \u00e9ste el tema central.<\/p>\n<p>La obra \u00abCartagena de Indias: La andadura de una vida bajo la Colonia\u00bb recorre, como su propio t\u00edtulo indica, la vida durante tres siglos de la ciudad, incluyendo aspectos de la intrahistoria que aportan un gran valor por su capacidad para colaborar a contextualizar unos hechos que, de este modo, se multiplican y aparecen enriquecidos.<\/p>\n","protected":false},"excerpt":{"rendered":"<p>Todas las bibliotecas p\u00fablicas de Colombia dispondr\u00e1n a partir de ahora de la obra de la doctora Borrego Pl\u00e1 \u00abCartagena de Indias: la andadura de una vida bajo la colonia\u00bb, publicada en el a\u00f1o 2010 por El \u00c1ncora Editores del pa\u00eds iberoamericano. El Ministerio de Cultura Colombiano ha decidido solicitar una edici\u00f3n especial de esta [&hellip;]<\/p>\n","protected":false},"author":1,"featured_media":0,"comment_status":"open","ping_status":"open","sticky":false,"template":"","format":"standard","meta":[],"categories":[1],"tags":[],"_links":{"self":[{"href":"https:\/\/www.carmenborregopla.es\/victoria\/wp-json\/wp\/v2\/posts\/979"}],"collection":[{"href":"https:\/\/www.carmenborregopla.es\/victoria\/wp-json\/wp\/v2\/posts"}],"about":[{"href":"https:\/\/www.carmenborregopla.es\/victoria\/wp-json\/wp\/v2\/types\/post"}],"author":[{"embeddable":true,"href":"https:\/\/www.carmenborregopla.es\/victoria\/wp-json\/wp\/v2\/users\/1"}],"replies":[{"embeddable":true,"href":"https:\/\/www.carmenborregopla.es\/victoria\/wp-json\/wp\/v2\/comments?post=979"}],"version-history":[{"count":1,"href":"https:\/\/www.carmenborregopla.es\/victoria\/wp-json\/wp\/v2\/posts\/979\/revisions"}],"predecessor-version":[{"id":981,"href":"https:\/\/www.carmenborregopla.es\/victoria\/wp-json\/wp\/v2\/posts\/979\/revisions\/981"}],"wp:attachment":[{"href":"https:\/\/www.carmenborregopla.es\/victoria\/wp-json\/wp\/v2\/media?parent=979"}],"wp:term":[{"taxonomy":"category","embeddable":true,"href":"https:\/\/www.carmenborregopla.es\/victoria\/wp-json\/wp\/v2\/categories?post=979"},{"taxonomy":"post_tag","embeddable":true,"href":"https:\/\/www.carmenborregopla.es\/victoria\/wp-json\/wp\/v2\/tags?post=979"}],"curies":[{"name":"wp","href":"https:\/\/api.w.org\/{rel}","templated":true}]}}