{"id":972,"date":"2014-03-14T09:58:11","date_gmt":"2014-03-14T09:58:11","guid":{"rendered":"http:\/\/www.carmenborregopla.es\/victoria\/?p=972"},"modified":"2014-06-03T09:45:19","modified_gmt":"2014-06-03T09:45:19","slug":"972","status":"publish","type":"post","link":"https:\/\/www.carmenborregopla.es\/victoria\/972\/","title":{"rendered":"Borrego Pl\u00e1 ahonda en \u00ablas mentalidades\u00bb de las etiquetas del Jerez en el XIX y XX"},"content":{"rendered":"<p><a href=\"http:\/\/www.carmenborregopla.es\/victoria\/?attachment_id=971\" rel=\"attachment wp-att-971\"><img loading=\"lazy\" class=\"alignleft size-medium wp-image-971\" title=\"Exposici\u00f3n - charla etiquetas 3 22-02-14\" src=\"http:\/\/www.carmenborregopla.es\/victoria\/wp-content\/uploads\/2014\/03\/Exposici\u00f3n-charla-etiquetas-3-22-02-14-300x225.jpg\" alt=\"\" width=\"300\" height=\"225\" srcset=\"https:\/\/www.carmenborregopla.es\/victoria\/wp-content\/uploads\/2014\/03\/Exposici\u00f3n-charla-etiquetas-3-22-02-14-300x225.jpg 300w, https:\/\/www.carmenborregopla.es\/victoria\/wp-content\/uploads\/2014\/03\/Exposici\u00f3n-charla-etiquetas-3-22-02-14-1024x768.jpg 1024w\" sizes=\"(max-width: 300px) 100vw, 300px\" \/><\/a>La bodega jerezana El Maestro Sierra fue sede el pasado 21 de febrero de la extraordinaria conferencia con el t\u00edtulo \u201cEl regusto de aquellos vinos que ya no est\u00e1n\u201d en torno a la muestra de etiquetas antiguas que se expone estos d\u00edas en la bodega con motivo de la designaci\u00f3n de Jerez como Ciudad Europea del Vino 2014.<br \/>\n\u201cLo que me interesaba reflejar en la charla son las mentalidades que est\u00e1n detr\u00e1s de esas etiquetas, por qu\u00e9 recogen esas y no otras escenas cotidianas o costumbristas; esas y no otras personas y esos y no otros modelos de mujer o santo\u201d, explicaba ayer la historiadora y bodeguera tras la charla. De ah\u00ed, su recorrido por ese siglo XIX que comienza con una epidemia y termina con una guerra, la de 1898, que no impide, por ejemplo, seg\u00fan explic\u00f3 y seg\u00fan puede verse en la muestra \u201cque Cuba siguiese teniendo inter\u00e9s por embotellar el vino de Jerez inmediatamente despu\u00e9s de la contienda\u201d.<br \/>\nMomentos convulsos en los que las etiquetas, seg\u00fan explicaba ayer Borrego Pl\u00e1, \u201cse esfuerzan, por un lado, en recordarnos un pasado hist\u00f3rico glorioso, con nuestro emperador m\u00e1s internacional, Carlos V, y con Crist\u00f3bal Col\u00f3n en diferentes versiones \u2013errores hist\u00f3ricos incluidos-; y por otro, sus propiedades medicinales y su bondad apta para ni\u00f1os\u201d.<br \/>\nLa imagen de la mujer, en muy diferentes versiones, desde la rom\u00e1ntica hasta la p\u00edcara, y las figuras del toreo de los primeros a\u00f1os 20, el orgullo de la fiesta nacional, ocuparon tambi\u00e9n buena parte de una conferencia que se extendi\u00f3 pr\u00e1cticamente durante una hora.<br \/>\nLa bodega, fiel como siempre a su compromiso por promover la cultura del vino, ha ofrecido una muestra recoge m\u00e1s de un centenar de etiquetas cedidas por el coleccionista y restaurador Francisco Odero \u00c1lvarez, que la bodeguera ha clasificado en cuatro tem\u00e1ticas: la hist\u00f3rica e historicista, la costumbrista, la religiosa y curativa y la de la lidia y las figuras del toreo.<\/p>\n<p>&nbsp;<\/p>\n","protected":false},"excerpt":{"rendered":"<p>La bodega jerezana El Maestro Sierra fue sede el pasado 21 de febrero de la extraordinaria conferencia con el t\u00edtulo \u201cEl regusto de aquellos vinos que ya no est\u00e1n\u201d en torno a la muestra de etiquetas antiguas que se expone estos d\u00edas en la bodega con motivo de la designaci\u00f3n de Jerez como Ciudad Europea [&hellip;]<\/p>\n","protected":false},"author":1,"featured_media":0,"comment_status":"open","ping_status":"open","sticky":false,"template":"","format":"standard","meta":[],"categories":[7],"tags":[10],"_links":{"self":[{"href":"https:\/\/www.carmenborregopla.es\/victoria\/wp-json\/wp\/v2\/posts\/972"}],"collection":[{"href":"https:\/\/www.carmenborregopla.es\/victoria\/wp-json\/wp\/v2\/posts"}],"about":[{"href":"https:\/\/www.carmenborregopla.es\/victoria\/wp-json\/wp\/v2\/types\/post"}],"author":[{"embeddable":true,"href":"https:\/\/www.carmenborregopla.es\/victoria\/wp-json\/wp\/v2\/users\/1"}],"replies":[{"embeddable":true,"href":"https:\/\/www.carmenborregopla.es\/victoria\/wp-json\/wp\/v2\/comments?post=972"}],"version-history":[{"count":6,"href":"https:\/\/www.carmenborregopla.es\/victoria\/wp-json\/wp\/v2\/posts\/972\/revisions"}],"predecessor-version":[{"id":982,"href":"https:\/\/www.carmenborregopla.es\/victoria\/wp-json\/wp\/v2\/posts\/972\/revisions\/982"}],"wp:attachment":[{"href":"https:\/\/www.carmenborregopla.es\/victoria\/wp-json\/wp\/v2\/media?parent=972"}],"wp:term":[{"taxonomy":"category","embeddable":true,"href":"https:\/\/www.carmenborregopla.es\/victoria\/wp-json\/wp\/v2\/categories?post=972"},{"taxonomy":"post_tag","embeddable":true,"href":"https:\/\/www.carmenborregopla.es\/victoria\/wp-json\/wp\/v2\/tags?post=972"}],"curies":[{"name":"wp","href":"https:\/\/api.w.org\/{rel}","templated":true}]}}