{"id":954,"date":"2013-09-30T10:03:11","date_gmt":"2013-09-30T10:03:11","guid":{"rendered":"http:\/\/www.carmenborregopla.es\/victoria\/?p=954"},"modified":"2013-10-31T18:23:27","modified_gmt":"2013-10-31T18:23:27","slug":"carmen-borrego-homenajea-a-los-jerezanos-anonimos-que-protagonizaron-la-carrera-de-indias","status":"publish","type":"post","link":"https:\/\/www.carmenborregopla.es\/victoria\/carmen-borrego-homenajea-a-los-jerezanos-anonimos-que-protagonizaron-la-carrera-de-indias\/","title":{"rendered":"Carmen Borrego homenajea a los jerezanos an\u00f3nimos que protagonizaron la Carrera de Indias"},"content":{"rendered":"<p align=\"LEFT\"><a href=\"http:\/\/www.carmenborregopla.es\/victoria\/?attachment_id=957\" rel=\"attachment wp-att-957\"><img loading=\"lazy\" class=\"alignleft size-medium wp-image-957\" title=\"030_bodega barco con botas det\" src=\"http:\/\/www.carmenborregopla.es\/victoria\/wp-content\/uploads\/2013\/09\/030_bodega-barco-con-botas-det1-300x202.jpg\" alt=\"\" width=\"300\" height=\"202\" srcset=\"https:\/\/www.carmenborregopla.es\/victoria\/wp-content\/uploads\/2013\/09\/030_bodega-barco-con-botas-det1-300x202.jpg 300w, https:\/\/www.carmenborregopla.es\/victoria\/wp-content\/uploads\/2013\/09\/030_bodega-barco-con-botas-det1-1024x690.jpg 1024w, https:\/\/www.carmenborregopla.es\/victoria\/wp-content\/uploads\/2013\/09\/030_bodega-barco-con-botas-det1.jpg 1138w\" sizes=\"(max-width: 300px) 100vw, 300px\" \/><\/a>La bodega jerezana El Maestro Sierra fue sede durante estas Fiestas de la Vendimia de\u00a0la extraordinaria conferencia que imparti\u00f3 la profesora, investigadora y bodeguera Mar\u00eda del Carmen Borrego Pl\u00e1 con el t\u00edtulo <span style=\"font-family: Arial; font-size: medium;\"><span style=\"font-family: Arial; font-size: medium;\">\u201c<\/span><\/span><span style=\"font-family: ArialMT; font-size: medium;\"><span style=\"font-family: ArialMT; font-size: medium;\">Jerez: paisaje\u00a0y <\/span><\/span>paisanaje en la Carrera de Indias<span style=\"font-family: Arial; font-size: medium;\"><span style=\"font-family: Arial; font-size: medium;\">\u201d <\/span><\/span><span style=\"font-family: ArialMT; font-size: medium;\"><span style=\"font-family: ArialMT; font-size: medium;\">sobre <\/span><\/span><span style=\"font-family: Arial; font-size: medium;\"><span style=\"font-family: Arial; font-size: medium;\">\u201c<\/span><\/span><span style=\"font-family: ArialMT; font-size: medium;\"><span style=\"font-family: ArialMT; font-size: medium;\">aquellos jerezanos an\u00f3nimos que <\/span><\/span>buscaron fortuna y honra en Las Indias<span style=\"font-family: Arial; font-size: medium;\"><span style=\"font-family: Arial; font-size: medium;\">\u201d.<\/span><\/span><\/p>\n<p align=\"LEFT\">Fiel a su compromiso de promover la cultura del vino, y ante un aforo completo, la bodeguera disert\u00f3 durante una hora sobre las circunstancias, situaci\u00f3n, costumbres e incluso deseos de los jerezanos que durante los siglos XVI y XVII buscaron abrirse un futuro en aquellas tierras lejanas.<\/p>\n<p align=\"LEFT\">En esta nueva cita, Carmen Borrego Pl\u00e1 explic\u00f3 en detalle la situaci\u00f3n de un Jerez de realengo plagado de hidalgos, muy diferente de otras ciudades cercanas como el Puerto y Sanl\u00facar que tambi\u00e9n aportaron poblaci\u00f3n a Las Indias. La ponente realiz\u00f3 un recorrido imaginario por los <span style=\"font-family: Arial; font-size: medium;\"><span style=\"font-family: Arial; font-size: medium;\">\u201c<\/span><\/span><span style=\"font-family: ArialMT; font-size: medium;\"><span style=\"font-family: ArialMT; font-size: medium;\">reinos de arriba y <\/span><\/span>abajo<span style=\"font-family: Arial; font-size: medium;\"><span style=\"font-family: Arial; font-size: medium;\">\u201d <\/span><\/span><span style=\"font-family: ArialMT; font-size: medium;\"><span style=\"font-family: ArialMT; font-size: medium;\">en los nav\u00edos que hac\u00edan el trayecto hasta los puertos americanos de <\/span><\/span>Veracruz y Portobelo; e incluso esboz\u00f3 el contenido de algunas de las cancioncillas que canturreaban la tripulaci\u00f3n para librarse de los grandes males de una traves\u00eda tan larga y arriesgada, como eran piratas, corsarios y tormentas.<\/p>\n<p align=\"LEFT\">La bodeguera se recre\u00f3 en el trayecto de los vinos de Jerez<span style=\"font-family: Arial; font-size: medium;\"><span style=\"font-family: Arial; font-size: medium;\">\u2013<\/span><\/span><span style=\"font-family: ArialMT; font-size: medium;\"><span style=\"font-family: ArialMT; font-size: medium;\">que ya se <\/span><\/span>consum\u00edan <span style=\"font-family: Arial; font-size: medium;\"><span style=\"font-family: Arial; font-size: medium;\">\u201c<\/span><\/span><span style=\"font-family: ArialMT; font-size: medium;\"><span style=\"font-family: ArialMT; font-size: medium;\">a\u00f1ejos<\/span><\/span><span style=\"font-family: Arial; font-size: medium;\"><span style=\"font-family: Arial; font-size: medium;\">\u201d <\/span><\/span><span style=\"font-family: ArialMT; font-size: medium;\"><span style=\"font-family: ArialMT; font-size: medium;\">en algunos casos- y su uso entre los pobladores de las <\/span><\/span>nuevas tierras, s\u00f3lo en ocasiones especial\u00edsimas. La fundaci\u00f3n de nuevas poblaciones con el nombre de la nuestra, Jerez, o el traslado de l\u00e9xico mar\u00edtimo y bodeguero, con la <span style=\"font-family: Arial; font-size: medium;\"><span style=\"font-family: Arial; font-size: medium;\">\u201c<\/span><\/span><span style=\"font-family: ArialMT; font-size: medium;\"><span style=\"font-family: ArialMT; font-size: medium;\">damajuana<\/span><\/span><span style=\"font-family: Arial; font-size: medium;\"><span style=\"font-family: Arial; font-size: medium;\">\u201d <\/span><\/span><span style=\"font-family: ArialMT; font-size: medium;\"><span style=\"font-family: ArialMT; font-size: medium;\">o el <\/span><\/span><span style=\"font-family: Arial; font-size: medium;\"><span style=\"font-family: Arial; font-size: medium;\">\u201c<\/span><\/span><span style=\"font-family: ArialMT; font-size: medium;\"><span style=\"font-family: ArialMT; font-size: medium;\">galafete<\/span><\/span><span style=\"font-family: Arial; font-size: medium;\"><span style=\"font-family: Arial; font-size: medium;\">\u201d <\/span><\/span><span style=\"font-family: ArialMT; font-size: medium;\"><span style=\"font-family: ArialMT; font-size: medium;\">como dos de los protagonistas, <\/span><\/span>tambi\u00e9n tuvieron cabida en esta charla.<\/p>\n<p align=\"LEFT\">Se trata de la segunda ocasi\u00f3n en la que la bodega abre sus puertas a este tipo de conferencias, despu\u00e9s de que el pasado a\u00f1o, y con motivo del Bicentenario, se retratase la figura de los capitales indianos que conformaron a partir de principios del siglo XIX algunas de las bodegas m\u00e1s importantes de Jerez.<\/p>\n","protected":false},"excerpt":{"rendered":"<p>La bodega jerezana El Maestro Sierra fue sede durante estas Fiestas de la Vendimia de\u00a0la extraordinaria conferencia que imparti\u00f3 la profesora, investigadora y bodeguera Mar\u00eda del Carmen Borrego Pl\u00e1 con el t\u00edtulo \u201cJerez: paisaje\u00a0y paisanaje en la Carrera de Indias\u201d sobre \u201caquellos jerezanos an\u00f3nimos que buscaron fortuna y honra en Las Indias\u201d. Fiel a su [&hellip;]<\/p>\n","protected":false},"author":1,"featured_media":0,"comment_status":"closed","ping_status":"closed","sticky":false,"template":"","format":"standard","meta":[],"categories":[1],"tags":[],"_links":{"self":[{"href":"https:\/\/www.carmenborregopla.es\/victoria\/wp-json\/wp\/v2\/posts\/954"}],"collection":[{"href":"https:\/\/www.carmenborregopla.es\/victoria\/wp-json\/wp\/v2\/posts"}],"about":[{"href":"https:\/\/www.carmenborregopla.es\/victoria\/wp-json\/wp\/v2\/types\/post"}],"author":[{"embeddable":true,"href":"https:\/\/www.carmenborregopla.es\/victoria\/wp-json\/wp\/v2\/users\/1"}],"replies":[{"embeddable":true,"href":"https:\/\/www.carmenborregopla.es\/victoria\/wp-json\/wp\/v2\/comments?post=954"}],"version-history":[{"count":4,"href":"https:\/\/www.carmenborregopla.es\/victoria\/wp-json\/wp\/v2\/posts\/954\/revisions"}],"predecessor-version":[{"id":960,"href":"https:\/\/www.carmenborregopla.es\/victoria\/wp-json\/wp\/v2\/posts\/954\/revisions\/960"}],"wp:attachment":[{"href":"https:\/\/www.carmenborregopla.es\/victoria\/wp-json\/wp\/v2\/media?parent=954"}],"wp:term":[{"taxonomy":"category","embeddable":true,"href":"https:\/\/www.carmenborregopla.es\/victoria\/wp-json\/wp\/v2\/categories?post=954"},{"taxonomy":"post_tag","embeddable":true,"href":"https:\/\/www.carmenborregopla.es\/victoria\/wp-json\/wp\/v2\/tags?post=954"}],"curies":[{"name":"wp","href":"https:\/\/api.w.org\/{rel}","templated":true}]}}