{"id":1044,"date":"2019-10-03T19:28:15","date_gmt":"2019-10-03T19:28:15","guid":{"rendered":"http:\/\/www.carmenborregopla.es\/victoria\/?p=1044"},"modified":"2019-11-03T19:33:57","modified_gmt":"2019-11-03T19:33:57","slug":"el-viaje-magallanico-en-la-catedra-del-vino-de-las-fiestas-de-la-vendimia-2019","status":"publish","type":"post","link":"https:\/\/www.carmenborregopla.es\/victoria\/el-viaje-magallanico-en-la-catedra-del-vino-de-las-fiestas-de-la-vendimia-2019\/","title":{"rendered":"El viaje magall\u00e1nico en la C\u00e1tedra del Vino de las Fiestas de la Vendimia 2019"},"content":{"rendered":"\n<figure class=\"wp-block-image\"><img loading=\"lazy\" width=\"960\" height=\"720\" src=\"http:\/\/www.carmenborregopla.es\/victoria\/wp-content\/uploads\/2019\/11\/69604843_2395833280508998_5450736393988866048_n.jpg\" alt=\"\" class=\"wp-image-1046\" srcset=\"https:\/\/www.carmenborregopla.es\/victoria\/wp-content\/uploads\/2019\/11\/69604843_2395833280508998_5450736393988866048_n.jpg 960w, https:\/\/www.carmenborregopla.es\/victoria\/wp-content\/uploads\/2019\/11\/69604843_2395833280508998_5450736393988866048_n-300x225.jpg 300w, https:\/\/www.carmenborregopla.es\/victoria\/wp-content\/uploads\/2019\/11\/69604843_2395833280508998_5450736393988866048_n-768x576.jpg 768w\" sizes=\"(max-width: 960px) 100vw, 960px\" \/><figcaption> <br \/>La conmemoraci\u00f3n del V Centenario de la salida de la primera expedici\u00f3n que circunnaveg\u00f3 el planeta ha servido como tel\u00f3n de fondo para la ponencia que este a\u00f1o ha protagonizado la doctora Borrego Pl\u00e1 en la C\u00e1tedra del Vino 2019 realizada por el Consejo Regulador del Jerez en el marco de las Fiestas de la Vendimia 2019.  La tem\u00e1tica, bajo el t\u00edtulo \u00abEl jerez de 1519: a las puertas de un laberinto oce\u00e1nico de especias, porcelana y sedas\u00bb, el inicio de las relaciones comerciales con otros mundos -el asi\u00e1tico y americano- a partir de ese momento. <\/figcaption><\/figure>\n\n\n\n<p><\/p>\n","protected":false},"excerpt":{"rendered":"","protected":false},"author":1,"featured_media":0,"comment_status":"open","ping_status":"open","sticky":false,"template":"","format":"standard","meta":[],"categories":[1],"tags":[],"_links":{"self":[{"href":"https:\/\/www.carmenborregopla.es\/victoria\/wp-json\/wp\/v2\/posts\/1044"}],"collection":[{"href":"https:\/\/www.carmenborregopla.es\/victoria\/wp-json\/wp\/v2\/posts"}],"about":[{"href":"https:\/\/www.carmenborregopla.es\/victoria\/wp-json\/wp\/v2\/types\/post"}],"author":[{"embeddable":true,"href":"https:\/\/www.carmenborregopla.es\/victoria\/wp-json\/wp\/v2\/users\/1"}],"replies":[{"embeddable":true,"href":"https:\/\/www.carmenborregopla.es\/victoria\/wp-json\/wp\/v2\/comments?post=1044"}],"version-history":[{"count":2,"href":"https:\/\/www.carmenborregopla.es\/victoria\/wp-json\/wp\/v2\/posts\/1044\/revisions"}],"predecessor-version":[{"id":1047,"href":"https:\/\/www.carmenborregopla.es\/victoria\/wp-json\/wp\/v2\/posts\/1044\/revisions\/1047"}],"wp:attachment":[{"href":"https:\/\/www.carmenborregopla.es\/victoria\/wp-json\/wp\/v2\/media?parent=1044"}],"wp:term":[{"taxonomy":"category","embeddable":true,"href":"https:\/\/www.carmenborregopla.es\/victoria\/wp-json\/wp\/v2\/categories?post=1044"},{"taxonomy":"post_tag","embeddable":true,"href":"https:\/\/www.carmenborregopla.es\/victoria\/wp-json\/wp\/v2\/tags?post=1044"}],"curies":[{"name":"wp","href":"https:\/\/api.w.org\/{rel}","templated":true}]}}