{"id":1012,"date":"2015-09-19T11:58:16","date_gmt":"2015-09-19T11:58:16","guid":{"rendered":"http:\/\/www.carmenborregopla.es\/victoria\/?p=1012"},"modified":"2016-01-29T11:58:47","modified_gmt":"2016-01-29T11:58:47","slug":"conferencia-el-comercio-del-jerez-en-el-siglo-xix-la-vision-de-un-hombre-de-su-tiempo","status":"publish","type":"post","link":"https:\/\/www.carmenborregopla.es\/victoria\/conferencia-el-comercio-del-jerez-en-el-siglo-xix-la-vision-de-un-hombre-de-su-tiempo\/","title":{"rendered":"Conferencia \u00abEl comercio del jerez en el siglo XIX: la visi\u00f3n de un hombre de su tiempo\u00bb"},"content":{"rendered":"<p><a href=\"http:\/\/www.carmenborregopla.es\/victoria\/?attachment_id=1013\" rel=\"attachment wp-att-1013\"><img loading=\"lazy\" class=\"alignleft  wp-image-1013\" title=\"Mari Carmen Vendimia 2015\" src=\"http:\/\/www.carmenborregopla.es\/victoria\/wp-content\/uploads\/2016\/01\/Mari-Carmen-Vendimia-2015-168x300.jpg\" alt=\"\" width=\"134\" height=\"240\" \/><\/a>El pasado jueves, 10 de septiembre, con motivo de las Fiestas de la Vendimia 2015,\u00a0la doctora Borrego Pl\u00e1 ofreci\u00f3 una conferencia centrada en el comercio en el primer tercio del siglo XIX a trav\u00e9s de la visi\u00f3n de un estadista y comerciante europeo afincado en la zona.<\/p>\n<p>Una cita cultural de extraordinario valor para conocer los entresijos hist\u00f3ricos del devenir de nuestro vino.<\/p>\n","protected":false},"excerpt":{"rendered":"<p>El pasado jueves, 10 de septiembre, con motivo de las Fiestas de la Vendimia 2015,\u00a0la doctora Borrego Pl\u00e1 ofreci\u00f3 una conferencia centrada en el comercio en el primer tercio del siglo XIX a trav\u00e9s de la visi\u00f3n de un estadista y comerciante europeo afincado en la zona. Una cita cultural de extraordinario valor para conocer [&hellip;]<\/p>\n","protected":false},"author":1,"featured_media":1013,"comment_status":"open","ping_status":"open","sticky":false,"template":"","format":"standard","meta":[],"categories":[7],"tags":[],"_links":{"self":[{"href":"https:\/\/www.carmenborregopla.es\/victoria\/wp-json\/wp\/v2\/posts\/1012"}],"collection":[{"href":"https:\/\/www.carmenborregopla.es\/victoria\/wp-json\/wp\/v2\/posts"}],"about":[{"href":"https:\/\/www.carmenborregopla.es\/victoria\/wp-json\/wp\/v2\/types\/post"}],"author":[{"embeddable":true,"href":"https:\/\/www.carmenborregopla.es\/victoria\/wp-json\/wp\/v2\/users\/1"}],"replies":[{"embeddable":true,"href":"https:\/\/www.carmenborregopla.es\/victoria\/wp-json\/wp\/v2\/comments?post=1012"}],"version-history":[{"count":2,"href":"https:\/\/www.carmenborregopla.es\/victoria\/wp-json\/wp\/v2\/posts\/1012\/revisions"}],"predecessor-version":[{"id":1015,"href":"https:\/\/www.carmenborregopla.es\/victoria\/wp-json\/wp\/v2\/posts\/1012\/revisions\/1015"}],"wp:featuredmedia":[{"embeddable":true,"href":"https:\/\/www.carmenborregopla.es\/victoria\/wp-json\/wp\/v2\/media\/1013"}],"wp:attachment":[{"href":"https:\/\/www.carmenborregopla.es\/victoria\/wp-json\/wp\/v2\/media?parent=1012"}],"wp:term":[{"taxonomy":"category","embeddable":true,"href":"https:\/\/www.carmenborregopla.es\/victoria\/wp-json\/wp\/v2\/categories?post=1012"},{"taxonomy":"post_tag","embeddable":true,"href":"https:\/\/www.carmenborregopla.es\/victoria\/wp-json\/wp\/v2\/tags?post=1012"}],"curies":[{"name":"wp","href":"https:\/\/api.w.org\/{rel}","templated":true}]}}